{"id":639,"date":"2023-05-09T18:06:52","date_gmt":"2023-05-09T16:06:52","guid":{"rendered":"https:\/\/ralflieb.de\/reiseblog\/?p=639"},"modified":"2023-05-09T22:04:42","modified_gmt":"2023-05-09T20:04:42","slug":"tag-5-2","status":"publish","type":"post","link":"https:\/\/ralflieb.de\/reiseblog\/2023\/05\/09\/tag-5-2\/","title":{"rendered":"Tag 5"},"content":{"rendered":"\n<figure class=\"wp-block-image size-large\"><img loading=\"lazy\" decoding=\"async\" width=\"1024\" height=\"515\" src=\"https:\/\/ralflieb.de\/reiseblog\/wp-content\/uploads\/2023\/05\/tag_5-1024x515.png\" alt=\"\" class=\"wp-image-640\" srcset=\"https:\/\/ralflieb.de\/reiseblog\/wp-content\/uploads\/2023\/05\/tag_5-1024x515.png 1024w, https:\/\/ralflieb.de\/reiseblog\/wp-content\/uploads\/2023\/05\/tag_5-300x151.png 300w, https:\/\/ralflieb.de\/reiseblog\/wp-content\/uploads\/2023\/05\/tag_5-768x386.png 768w, https:\/\/ralflieb.de\/reiseblog\/wp-content\/uploads\/2023\/05\/tag_5-1536x772.png 1536w, https:\/\/ralflieb.de\/reiseblog\/wp-content\/uploads\/2023\/05\/tag_5.png 1900w\" sizes=\"auto, (max-width: 1024px) 100vw, 1024px\" \/><\/figure>\n\n\n\n<p>Und es geht grade so weiter: Von Millau nach Carcassonne. Null Verkehr, stundenlang keine Menschenseele, geniale Landschaften und super Str\u00e4\u00dfchen mit astreiner, griffiger Oberfl\u00e4che.<\/p>\n\n\n\n<figure class=\"wp-block-image size-large\"><img loading=\"lazy\" decoding=\"async\" width=\"1024\" height=\"461\" src=\"https:\/\/ralflieb.de\/reiseblog\/wp-content\/uploads\/2023\/05\/20230509_101017-1024x461.jpg\" alt=\"\" class=\"wp-image-644\" srcset=\"https:\/\/ralflieb.de\/reiseblog\/wp-content\/uploads\/2023\/05\/20230509_101017-1024x461.jpg 1024w, https:\/\/ralflieb.de\/reiseblog\/wp-content\/uploads\/2023\/05\/20230509_101017-300x135.jpg 300w, https:\/\/ralflieb.de\/reiseblog\/wp-content\/uploads\/2023\/05\/20230509_101017-768x346.jpg 768w, https:\/\/ralflieb.de\/reiseblog\/wp-content\/uploads\/2023\/05\/20230509_101017-1536x691.jpg 1536w, https:\/\/ralflieb.de\/reiseblog\/wp-content\/uploads\/2023\/05\/20230509_101017-2048x922.jpg 2048w\" sizes=\"auto, (max-width: 1024px) 100vw, 1024px\" \/><\/figure>\n\n\n\n<figure class=\"wp-block-image size-large\"><img loading=\"lazy\" decoding=\"async\" width=\"1024\" height=\"461\" src=\"https:\/\/ralflieb.de\/reiseblog\/wp-content\/uploads\/2023\/05\/20230509_101009-1024x461.jpg\" alt=\"\" class=\"wp-image-647\" srcset=\"https:\/\/ralflieb.de\/reiseblog\/wp-content\/uploads\/2023\/05\/20230509_101009-1024x461.jpg 1024w, https:\/\/ralflieb.de\/reiseblog\/wp-content\/uploads\/2023\/05\/20230509_101009-300x135.jpg 300w, https:\/\/ralflieb.de\/reiseblog\/wp-content\/uploads\/2023\/05\/20230509_101009-768x346.jpg 768w, https:\/\/ralflieb.de\/reiseblog\/wp-content\/uploads\/2023\/05\/20230509_101009-1536x691.jpg 1536w, https:\/\/ralflieb.de\/reiseblog\/wp-content\/uploads\/2023\/05\/20230509_101009-2048x922.jpg 2048w\" sizes=\"auto, (max-width: 1024px) 100vw, 1024px\" \/><\/figure>\n\n\n\n<p>Au\u00dferdem sind wir heute extra ein kurzes St\u00fcck auf die Autobahn, um \u00fcber die l\u00e4ngste Schr\u00e4gseilbr\u00fccke der Welt zu fahren.<\/p>\n\n\n\n<p><a href=\"https:\/\/de.wikipedia.org\/wiki\/Viaduc_de_Millau#\">https:\/\/de.wikipedia.org\/wiki\/Viaduc_de_Millau#<\/a><\/p>\n\n\n\n<p>Die letzten ca. 1 1\/2 Stunden vor Carcassonne war Regenfahrt. Und k\u00fchl.<\/p>\n\n\n\n<figure class=\"wp-block-image size-large\"><img loading=\"lazy\" decoding=\"async\" width=\"1024\" height=\"461\" src=\"https:\/\/ralflieb.de\/reiseblog\/wp-content\/uploads\/2023\/05\/20230509_191705-1024x461.jpg\" alt=\"\" class=\"wp-image-660\" srcset=\"https:\/\/ralflieb.de\/reiseblog\/wp-content\/uploads\/2023\/05\/20230509_191705-1024x461.jpg 1024w, https:\/\/ralflieb.de\/reiseblog\/wp-content\/uploads\/2023\/05\/20230509_191705-300x135.jpg 300w, https:\/\/ralflieb.de\/reiseblog\/wp-content\/uploads\/2023\/05\/20230509_191705-768x346.jpg 768w, https:\/\/ralflieb.de\/reiseblog\/wp-content\/uploads\/2023\/05\/20230509_191705-1536x691.jpg 1536w, https:\/\/ralflieb.de\/reiseblog\/wp-content\/uploads\/2023\/05\/20230509_191705-2048x922.jpg 2048w\" sizes=\"auto, (max-width: 1024px) 100vw, 1024px\" \/><\/figure>\n\n\n\n<figure class=\"wp-block-image size-large\"><img loading=\"lazy\" decoding=\"async\" width=\"461\" height=\"1024\" src=\"https:\/\/ralflieb.de\/reiseblog\/wp-content\/uploads\/2023\/05\/20230509_191847-461x1024.jpg\" alt=\"\" class=\"wp-image-663\" srcset=\"https:\/\/ralflieb.de\/reiseblog\/wp-content\/uploads\/2023\/05\/20230509_191847-461x1024.jpg 461w, https:\/\/ralflieb.de\/reiseblog\/wp-content\/uploads\/2023\/05\/20230509_191847-135x300.jpg 135w, https:\/\/ralflieb.de\/reiseblog\/wp-content\/uploads\/2023\/05\/20230509_191847-768x1707.jpg 768w, https:\/\/ralflieb.de\/reiseblog\/wp-content\/uploads\/2023\/05\/20230509_191847-691x1536.jpg 691w, https:\/\/ralflieb.de\/reiseblog\/wp-content\/uploads\/2023\/05\/20230509_191847-922x2048.jpg 922w, https:\/\/ralflieb.de\/reiseblog\/wp-content\/uploads\/2023\/05\/20230509_191847-scaled.jpg 1152w\" sizes=\"auto, (max-width: 461px) 100vw, 461px\" \/><\/figure>\n\n\n\n<p>Wir h\u00e4tten uns keinen besseren Zeitpunkt zum Besuch der historischen Altstadt von Carcassonne aussuchen k\u00f6nnen: An einem Werktag im Mai und vielleicht auch wetterbedingt waren kaum Touristen unterwegs. <\/p>\n","protected":false},"excerpt":{"rendered":"<p>Und es geht grade so weiter: Von Millau nach Carcassonne. Null Verkehr, stundenlang keine Menschenseele, geniale Landschaften und super Str\u00e4\u00dfchen mit astreiner, griffiger Oberfl\u00e4che. Au\u00dferdem sind wir heute extra ein kurzes St\u00fcck auf die Autobahn, um \u00fcber die l\u00e4ngste Schr\u00e4gseilbr\u00fccke der Welt zu fahren. https:\/\/de.wikipedia.org\/wiki\/Viaduc_de_Millau# Die letzten ca. 1 1\/2 Stunden vor Carcassonne war Regenfahrt. [&hellip;]<\/p>\n","protected":false},"author":1,"featured_media":0,"comment_status":"closed","ping_status":"closed","sticky":false,"template":"","format":"standard","meta":{"site-sidebar-layout":"default","site-content-layout":"","ast-site-content-layout":"default","site-content-style":"default","site-sidebar-style":"default","ast-global-header-display":"","ast-banner-title-visibility":"","ast-main-header-display":"","ast-hfb-above-header-display":"","ast-hfb-below-header-display":"","ast-hfb-mobile-header-display":"","site-post-title":"","ast-breadcrumbs-content":"","ast-featured-img":"","footer-sml-layout":"","ast-disable-related-posts":"","theme-transparent-header-meta":"","adv-header-id-meta":"","stick-header-meta":"","header-above-stick-meta":"","header-main-stick-meta":"","header-below-stick-meta":"","astra-migrate-meta-layouts":"default","ast-page-background-enabled":"default","ast-page-background-meta":{"desktop":{"background-color":"var(--ast-global-color-4)","background-image":"","background-repeat":"repeat","background-position":"center center","background-size":"auto","background-attachment":"scroll","background-type":"","background-media":"","overlay-type":"","overlay-color":"","overlay-opacity":"","overlay-gradient":""},"tablet":{"background-color":"","background-image":"","background-repeat":"repeat","background-position":"center center","background-size":"auto","background-attachment":"scroll","background-type":"","background-media":"","overlay-type":"","overlay-color":"","overlay-opacity":"","overlay-gradient":""},"mobile":{"background-color":"","background-image":"","background-repeat":"repeat","background-position":"center center","background-size":"auto","background-attachment":"scroll","background-type":"","background-media":"","overlay-type":"","overlay-color":"","overlay-opacity":"","overlay-gradient":""}},"ast-content-background-meta":{"desktop":{"background-color":"var(--ast-global-color-5)","background-image":"","background-repeat":"repeat","background-position":"center center","background-size":"auto","background-attachment":"scroll","background-type":"","background-media":"","overlay-type":"","overlay-color":"","overlay-opacity":"","overlay-gradient":""},"tablet":{"background-color":"var(--ast-global-color-5)","background-image":"","background-repeat":"repeat","background-position":"center center","background-size":"auto","background-attachment":"scroll","background-type":"","background-media":"","overlay-type":"","overlay-color":"","overlay-opacity":"","overlay-gradient":""},"mobile":{"background-color":"var(--ast-global-color-5)","background-image":"","background-repeat":"repeat","background-position":"center center","background-size":"auto","background-attachment":"scroll","background-type":"","background-media":"","overlay-type":"","overlay-color":"","overlay-opacity":"","overlay-gradient":""}},"footnotes":""},"categories":[14],"tags":[],"class_list":["post-639","post","type-post","status-publish","format-standard","hentry","category-frankreich-2023"],"_links":{"self":[{"href":"https:\/\/ralflieb.de\/reiseblog\/wp-json\/wp\/v2\/posts\/639","targetHints":{"allow":["GET"]}}],"collection":[{"href":"https:\/\/ralflieb.de\/reiseblog\/wp-json\/wp\/v2\/posts"}],"about":[{"href":"https:\/\/ralflieb.de\/reiseblog\/wp-json\/wp\/v2\/types\/post"}],"author":[{"embeddable":true,"href":"https:\/\/ralflieb.de\/reiseblog\/wp-json\/wp\/v2\/users\/1"}],"replies":[{"embeddable":true,"href":"https:\/\/ralflieb.de\/reiseblog\/wp-json\/wp\/v2\/comments?post=639"}],"version-history":[{"count":12,"href":"https:\/\/ralflieb.de\/reiseblog\/wp-json\/wp\/v2\/posts\/639\/revisions"}],"predecessor-version":[{"id":666,"href":"https:\/\/ralflieb.de\/reiseblog\/wp-json\/wp\/v2\/posts\/639\/revisions\/666"}],"wp:attachment":[{"href":"https:\/\/ralflieb.de\/reiseblog\/wp-json\/wp\/v2\/media?parent=639"}],"wp:term":[{"taxonomy":"category","embeddable":true,"href":"https:\/\/ralflieb.de\/reiseblog\/wp-json\/wp\/v2\/categories?post=639"},{"taxonomy":"post_tag","embeddable":true,"href":"https:\/\/ralflieb.de\/reiseblog\/wp-json\/wp\/v2\/tags?post=639"}],"curies":[{"name":"wp","href":"https:\/\/api.w.org\/{rel}","templated":true}]}}